{"id":3187,"date":"2024-12-12T11:12:28","date_gmt":"2024-12-12T10:12:28","guid":{"rendered":"http:\/\/mjc.endinahosting.com\/?p=3187"},"modified":"2024-12-12T11:50:21","modified_gmt":"2024-12-12T10:50:21","slug":"ruta-benjamin-palencia","status":"publish","type":"post","link":"https:\/\/manchajucarcentro.com\/turismo\/ruta-benjamin-palencia\/","title":{"rendered":"Ruta Benjam\u00edn Palencia"},"content":{"rendered":"\t\t<div data-elementor-type=\"wp-post\" data-elementor-id=\"3187\" class=\"elementor elementor-3187\">\n\t\t\t\t<div class=\"elementor-element elementor-element-6a898598 e-flex e-con-boxed e-con e-parent\" data-id=\"6a898598\" data-element_type=\"container\">\n\t\t\t\t\t<div class=\"e-con-inner\">\n\t\t\t\t<div class=\"elementor-element elementor-element-17b05e94 elementor-widget elementor-widget-text-editor\" data-id=\"17b05e94\" data-element_type=\"widget\" data-widget_type=\"text-editor.default\">\n\t\t\t\t<div class=\"elementor-widget-container\">\n\t\t\t\t\t\t\t<p><img fetchpriority=\"high\" decoding=\"async\" class=\"aligncenter wp-image-3192 size-full\" src=\"http:\/\/manchajucarcentro.com\/turismo\/wp-content\/uploads\/2024\/12\/Ruta-Benjamin-Palencia-Barrax-8.jpg\" alt=\"\" width=\"640\" height=\"426\" srcset=\"https:\/\/manchajucarcentro.com\/turismo\/wp-content\/uploads\/2024\/12\/Ruta-Benjamin-Palencia-Barrax-8.jpg 640w, https:\/\/manchajucarcentro.com\/turismo\/wp-content\/uploads\/2024\/12\/Ruta-Benjamin-Palencia-Barrax-8-300x200.jpg 300w, https:\/\/manchajucarcentro.com\/turismo\/wp-content\/uploads\/2024\/12\/Ruta-Benjamin-Palencia-Barrax-8-590x393.jpg 590w, https:\/\/manchajucarcentro.com\/turismo\/wp-content\/uploads\/2024\/12\/Ruta-Benjamin-Palencia-Barrax-8-577x384.jpg 577w\" sizes=\"(max-width: 640px) 100vw, 640px\" \/><\/p><p>La Ruta Benjam\u00edn Palencia en Barrax es una experiencia de senderismo que rinde homenaje al famoso pintor local, uno de los m\u00e1ximos exponentes de la Escuela de Vallecas.<\/p><p>Este recorrido circular de aproximadamente 16 km, con un nivel de dificultad moderado, comienza en la Ermita del Cristo del Perd\u00f3n. Durante la ruta, se exploran paisajes manchegos caracter\u00edsticos, que inspiraron muchas de las obras de Palencia. Entre los puntos destacados est\u00e1n el dep\u00f3sito de agua, el Molino de Viento y el Cuco, adem\u00e1s de diversos parajes naturales de gran belleza.<\/p><p>Esta ruta ofrece una conexi\u00f3n \u00fanica entre la naturaleza y la cultura, permitiendo a los senderistas descubrir los paisajes que marcaron la vida y el arte de Benjam\u00edn Palencia. Su duraci\u00f3n aproximada es de 4 horas y pertenece a la Red de Senderos (R5) promovida por la Diputaci\u00f3n de Albacete.<\/p>\t\t\t\t\t\t<\/div>\n\t\t\t\t<\/div>\n\t\t\t\t\t<\/div>\n\t\t\t\t<\/div>\n\t\t<div class=\"elementor-element elementor-element-6fa9441 e-flex e-con-boxed e-con e-parent\" data-id=\"6fa9441\" data-element_type=\"container\">\n\t\t\t\t\t<div class=\"e-con-inner\">\n\t\t\t\t<div class=\"elementor-element elementor-element-38cdfcd elementor-widget elementor-widget-slider_revolution\" data-id=\"38cdfcd\" data-element_type=\"widget\" data-widget_type=\"slider_revolution.default\">\n\t\t\t\t<div class=\"elementor-widget-container\">\n\t\t\t\n\t\t<div class=\"wp-block-themepunch-revslider\">\n\t\t\t<!-- START Ruta Benjam\u00edn Palencia REVOLUTION SLIDER 6.5.10 --><p class=\"rs-p-wp-fix\"><\/p>\n\t\t\t<rs-module-wrap id=\"rev_slider_2_1_wrapper\" data-source=\"gallery\" style=\"visibility:hidden;background:transparent;padding:0;margin:0px auto;margin-top:0;margin-bottom:0;\">\n\t\t\t\t<rs-module id=\"rev_slider_2_1\" style=\"\" data-version=\"6.5.10\">\n\t\t\t\t\t<rs-slides>\n\t\t\t\t\t\t<rs-slide style=\"position: absolute;\" data-key=\"rs-2\" data-title=\"Slide\" data-thumb=\"\/\/manchajucarcentro.com\/turismo\/wp-content\/uploads\/2024\/12\/Ruta-Benjamin-Palencia-Barrax-1-50x100.jpg\" data-in=\"o:0;\" data-out=\"a:false;\">\n\t\t\t\t\t\t\t<img decoding=\"async\" src=\"\/\/manchajucarcentro.com\/turismo\/wp-content\/plugins\/revslider\/public\/assets\/assets\/dummy.png\" title=\"Rutas de senderismo de la Diputaci\u00f3n Provincia de Albacete\" width=\"900\" height=\"600\" class=\"rev-slidebg tp-rs-img rs-lazyload\" data-lazyload=\"\/\/manchajucarcentro.com\/turismo\/wp-content\/uploads\/2024\/12\/Ruta-Benjamin-Palencia-Barrax-1.jpg\" data-no-retina>\n<!---->\t\t\t\t\t\t<\/rs-slide>\n\t\t\t\t\t\t<rs-slide style=\"position: absolute;\" data-key=\"rs-3\" data-title=\"Slide\" data-thumb=\"\/\/manchajucarcentro.com\/turismo\/wp-content\/uploads\/2024\/12\/Ruta-Benjamin-Palencia-Barrax-2-50x100.jpg\" data-in=\"o:0;\" data-out=\"a:false;\">\n\t\t\t\t\t\t\t<img decoding=\"async\" src=\"\/\/manchajucarcentro.com\/turismo\/wp-content\/plugins\/revslider\/public\/assets\/assets\/dummy.png\" title=\"Rutas de senderismo de la Diputaci\u00f3n Provincia de Albacete\" width=\"900\" height=\"600\" class=\"rev-slidebg tp-rs-img rs-lazyload\" data-lazyload=\"\/\/manchajucarcentro.com\/turismo\/wp-content\/uploads\/2024\/12\/Ruta-Benjamin-Palencia-Barrax-2.jpg\" data-no-retina>\n<!---->\t\t\t\t\t\t<\/rs-slide>\n\t\t\t\t\t\t<rs-slide style=\"position: absolute;\" data-key=\"rs-4\" data-title=\"Slide\" data-thumb=\"\/\/manchajucarcentro.com\/turismo\/wp-content\/uploads\/2024\/12\/Ruta-Benjamin-Palencia-Barrax-3-50x100.jpg\" data-in=\"o:0;\" data-out=\"a:false;\">\n\t\t\t\t\t\t\t<img loading=\"lazy\" decoding=\"async\" src=\"\/\/manchajucarcentro.com\/turismo\/wp-content\/plugins\/revslider\/public\/assets\/assets\/dummy.png\" title=\"Rutas de senderismo de la Diputaci\u00f3n Provincia de Albacete\" width=\"900\" height=\"600\" class=\"rev-slidebg tp-rs-img rs-lazyload\" data-lazyload=\"\/\/manchajucarcentro.com\/turismo\/wp-content\/uploads\/2024\/12\/Ruta-Benjamin-Palencia-Barrax-3.jpg\" data-no-retina>\n<!---->\t\t\t\t\t\t<\/rs-slide>\n\t\t\t\t\t\t<rs-slide style=\"position: absolute;\" data-key=\"rs-5\" data-title=\"Slide\" data-thumb=\"\/\/manchajucarcentro.com\/turismo\/wp-content\/uploads\/2024\/12\/Ruta-Benjamin-Palencia-Barrax-4-50x100.jpg\" data-in=\"o:0;\" data-out=\"a:false;\">\n\t\t\t\t\t\t\t<img loading=\"lazy\" decoding=\"async\" src=\"\/\/manchajucarcentro.com\/turismo\/wp-content\/plugins\/revslider\/public\/assets\/assets\/dummy.png\" title=\"Rutas de senderismo de la Diputaci\u00f3n Provincia de Albacete\" width=\"900\" height=\"600\" class=\"rev-slidebg tp-rs-img rs-lazyload\" data-lazyload=\"\/\/manchajucarcentro.com\/turismo\/wp-content\/uploads\/2024\/12\/Ruta-Benjamin-Palencia-Barrax-4.jpg\" data-no-retina>\n<!---->\t\t\t\t\t\t<\/rs-slide>\n\t\t\t\t\t\t<rs-slide style=\"position: absolute;\" data-key=\"rs-6\" data-title=\"Slide\" data-thumb=\"\/\/manchajucarcentro.com\/turismo\/wp-content\/uploads\/2024\/12\/Ruta-Benjamin-Palencia-Barrax-5-50x100.jpg\" data-in=\"o:0;\" data-out=\"a:false;\">\n\t\t\t\t\t\t\t<img loading=\"lazy\" decoding=\"async\" src=\"\/\/manchajucarcentro.com\/turismo\/wp-content\/plugins\/revslider\/public\/assets\/assets\/dummy.png\" title=\"Ruta Benjamin Palencia &#8211; Barrax &#8211; 5\" width=\"640\" height=\"427\" class=\"rev-slidebg tp-rs-img rs-lazyload\" data-lazyload=\"\/\/manchajucarcentro.com\/turismo\/wp-content\/uploads\/2024\/12\/Ruta-Benjamin-Palencia-Barrax-5.jpg\" data-no-retina>\n<!---->\t\t\t\t\t\t<\/rs-slide>\n\t\t\t\t\t\t<rs-slide style=\"position: absolute;\" data-key=\"rs-7\" data-title=\"Slide\" data-thumb=\"\/\/manchajucarcentro.com\/turismo\/wp-content\/uploads\/2024\/12\/Ruta-Benjamin-Palencia-Barrax-6-50x100.jpg\" data-in=\"o:0;\" data-out=\"a:false;\">\n\t\t\t\t\t\t\t<img loading=\"lazy\" decoding=\"async\" src=\"\/\/manchajucarcentro.com\/turismo\/wp-content\/plugins\/revslider\/public\/assets\/assets\/dummy.png\" title=\"Ruta Benjamin Palencia &#8211; Barrax &#8211; 6\" width=\"640\" height=\"427\" class=\"rev-slidebg tp-rs-img rs-lazyload\" data-lazyload=\"\/\/manchajucarcentro.com\/turismo\/wp-content\/uploads\/2024\/12\/Ruta-Benjamin-Palencia-Barrax-6.jpg\" data-no-retina>\n<!---->\t\t\t\t\t\t<\/rs-slide>\n\t\t\t\t\t\t<rs-slide style=\"position: absolute;\" data-key=\"rs-8\" data-title=\"Slide\" data-thumb=\"\/\/manchajucarcentro.com\/turismo\/wp-content\/uploads\/2024\/12\/Ruta-Benjamin-Palencia-Barrax-7-50x100.jpg\" data-in=\"o:0;\" data-out=\"a:false;\">\n\t\t\t\t\t\t\t<img loading=\"lazy\" decoding=\"async\" src=\"\/\/manchajucarcentro.com\/turismo\/wp-content\/plugins\/revslider\/public\/assets\/assets\/dummy.png\" title=\"Ruta Benjamin Palencia &#8211; Barrax &#8211; 7\" width=\"640\" height=\"427\" class=\"rev-slidebg tp-rs-img rs-lazyload\" data-lazyload=\"\/\/manchajucarcentro.com\/turismo\/wp-content\/uploads\/2024\/12\/Ruta-Benjamin-Palencia-Barrax-7.jpg\" data-no-retina>\n<!---->\t\t\t\t\t\t<\/rs-slide>\n\t\t\t\t\t\t<rs-slide style=\"position: absolute;\" data-key=\"rs-9\" data-title=\"Slide\" data-thumb=\"\/\/manchajucarcentro.com\/turismo\/wp-content\/uploads\/2024\/12\/Ruta-Benjamin-Palencia-Barrax-8-50x100.jpg\" data-in=\"o:0;\" data-out=\"a:false;\">\n\t\t\t\t\t\t\t<img loading=\"lazy\" decoding=\"async\" src=\"\/\/manchajucarcentro.com\/turismo\/wp-content\/plugins\/revslider\/public\/assets\/assets\/dummy.png\" title=\"Ruta Benjamin Palencia &#8211; Barrax &#8211; 8\" width=\"640\" height=\"426\" class=\"rev-slidebg tp-rs-img rs-lazyload\" data-lazyload=\"\/\/manchajucarcentro.com\/turismo\/wp-content\/uploads\/2024\/12\/Ruta-Benjamin-Palencia-Barrax-8.jpg\" data-no-retina>\n<!---->\t\t\t\t\t\t<\/rs-slide>\n\t\t\t\t\t\t<rs-slide style=\"position: absolute;\" data-key=\"rs-10\" data-title=\"Slide\" data-thumb=\"\/\/manchajucarcentro.com\/turismo\/wp-content\/uploads\/2024\/12\/Ruta-Benjamin-Palencia-Barrax-9-50x100.jpg\" data-in=\"o:0;\" data-out=\"a:false;\">\n\t\t\t\t\t\t\t<img loading=\"lazy\" decoding=\"async\" src=\"\/\/manchajucarcentro.com\/turismo\/wp-content\/plugins\/revslider\/public\/assets\/assets\/dummy.png\" title=\"Ruta Benjamin Palencia &#8211; Barrax &#8211; 9\" width=\"640\" height=\"427\" class=\"rev-slidebg tp-rs-img rs-lazyload\" data-lazyload=\"\/\/manchajucarcentro.com\/turismo\/wp-content\/uploads\/2024\/12\/Ruta-Benjamin-Palencia-Barrax-9.jpg\" data-no-retina>\n<!---->\t\t\t\t\t\t<\/rs-slide>\n\t\t\t\t\t\t<rs-slide style=\"position: absolute;\" data-key=\"rs-11\" data-title=\"Slide\" data-thumb=\"\/\/manchajucarcentro.com\/turismo\/wp-content\/uploads\/2024\/12\/Ruta-Benjamin-Palencia-Barrax-10-50x100.jpg\" data-in=\"o:0;\" data-out=\"a:false;\">\n\t\t\t\t\t\t\t<img loading=\"lazy\" decoding=\"async\" src=\"\/\/manchajucarcentro.com\/turismo\/wp-content\/plugins\/revslider\/public\/assets\/assets\/dummy.png\" title=\"Ruta Benjamin Palencia &#8211; Barrax &#8211; 10\" width=\"640\" height=\"427\" class=\"rev-slidebg tp-rs-img rs-lazyload\" data-lazyload=\"\/\/manchajucarcentro.com\/turismo\/wp-content\/uploads\/2024\/12\/Ruta-Benjamin-Palencia-Barrax-10.jpg\" data-no-retina>\n<!---->\t\t\t\t\t\t<\/rs-slide>\n\t\t\t\t\t\t<rs-slide style=\"position: absolute;\" data-key=\"rs-12\" data-title=\"Slide\" data-in=\"o:0;\" data-out=\"a:false;\">\n\t\t\t\t\t\t\t<img decoding=\"async\" src=\"\/\/manchajucarcentro.com\/turismo\/wp-content\/plugins\/revslider\/public\/assets\/assets\/dummy.png\" alt=\"Slide\" title=\"Ruta Benjam\u00edn Palencia\" class=\"rev-slidebg tp-rs-img rs-lazyload\" data-lazyload=\"\/\/manchajucarcentro.com\/turismo\/wp-content\/plugins\/revslider\/public\/assets\/assets\/transparent.png\" data-no-retina>\n<!---->\t\t\t\t\t\t<\/rs-slide>\n\t\t\t\t\t\t<rs-slide style=\"position: absolute;\" data-key=\"rs-13\" data-title=\"Slide\" data-thumb=\"\/\/manchajucarcentro.com\/turismo\/wp-content\/uploads\/2024\/12\/Ruta-Benjamin-Palencia-Barrax-11-50x100.jpg\" data-in=\"o:0;\" data-out=\"a:false;\">\n\t\t\t\t\t\t\t<img loading=\"lazy\" decoding=\"async\" src=\"\/\/manchajucarcentro.com\/turismo\/wp-content\/plugins\/revslider\/public\/assets\/assets\/dummy.png\" title=\"Ruta Benjamin Palencia &#8211; Barrax &#8211; 11\" width=\"640\" height=\"427\" class=\"rev-slidebg tp-rs-img rs-lazyload\" data-lazyload=\"\/\/manchajucarcentro.com\/turismo\/wp-content\/uploads\/2024\/12\/Ruta-Benjamin-Palencia-Barrax-11.jpg\" data-no-retina>\n<!---->\t\t\t\t\t\t<\/rs-slide>\n\t\t\t\t\t<\/rs-slides>\n\t\t\t\t<\/rs-module>\n\t\t\t\t<script type=\"text\/javascript\">\n\t\t\t\t\tsetREVStartSize({c: 'rev_slider_2_1',rl:[1240,1024,778,480],el:[550],gw:[992],gh:[550],type:'carousel',justify:'',layout:'fullwidth',mh:\"0\"});if (window.RS_MODULES!==undefined && window.RS_MODULES.modules!==undefined && window.RS_MODULES.modules[\"revslider21\"]!==undefined) {window.RS_MODULES.modules[\"revslider21\"].once = false;window.revapi2 = undefined;if (window.RS_MODULES.checkMinimal!==undefined) window.RS_MODULES.checkMinimal()}\n\t\t\t\t<\/script>\n\t\t\t<\/rs-module-wrap>\n\t\t\t<!-- END REVOLUTION SLIDER -->\n<\/div>\n\n\t\t\t\t<\/div>\n\t\t\t\t<\/div>\n\t\t\t\t\t<\/div>\n\t\t\t\t<\/div>\n\t\t\t\t<\/div>\n\t\t","protected":false},"excerpt":{"rendered":"<p>La Ruta Benjam\u00edn Palencia en Barrax es una experiencia de senderismo que rinde homenaje al famoso pintor local, uno de los m\u00e1ximos exponentes de la Escuela de Vallecas. Este recorrido circular de aproximadamente 16 km, con un nivel de dificultad moderado, comienza en la Ermita del Cristo del Perd\u00f3n. Durante la ruta, se exploran paisajes [&hellip;]<\/p>\n","protected":false},"author":1,"featured_media":3192,"comment_status":"closed","ping_status":"open","sticky":false,"template":"","format":"standard","meta":{"footnotes":""},"categories":[100],"tags":[103],"class_list":["post-3187","post","type-post","status-publish","format-standard","has-post-thumbnail","hentry","category-rutas","tag-barrax"],"_links":{"self":[{"href":"https:\/\/manchajucarcentro.com\/turismo\/wp-json\/wp\/v2\/posts\/3187","targetHints":{"allow":["GET"]}}],"collection":[{"href":"https:\/\/manchajucarcentro.com\/turismo\/wp-json\/wp\/v2\/posts"}],"about":[{"href":"https:\/\/manchajucarcentro.com\/turismo\/wp-json\/wp\/v2\/types\/post"}],"author":[{"embeddable":true,"href":"https:\/\/manchajucarcentro.com\/turismo\/wp-json\/wp\/v2\/users\/1"}],"replies":[{"embeddable":true,"href":"https:\/\/manchajucarcentro.com\/turismo\/wp-json\/wp\/v2\/comments?post=3187"}],"version-history":[{"count":11,"href":"https:\/\/manchajucarcentro.com\/turismo\/wp-json\/wp\/v2\/posts\/3187\/revisions"}],"predecessor-version":[{"id":3210,"href":"https:\/\/manchajucarcentro.com\/turismo\/wp-json\/wp\/v2\/posts\/3187\/revisions\/3210"}],"wp:featuredmedia":[{"embeddable":true,"href":"https:\/\/manchajucarcentro.com\/turismo\/wp-json\/wp\/v2\/media\/3192"}],"wp:attachment":[{"href":"https:\/\/manchajucarcentro.com\/turismo\/wp-json\/wp\/v2\/media?parent=3187"}],"wp:term":[{"taxonomy":"category","embeddable":true,"href":"https:\/\/manchajucarcentro.com\/turismo\/wp-json\/wp\/v2\/categories?post=3187"},{"taxonomy":"post_tag","embeddable":true,"href":"https:\/\/manchajucarcentro.com\/turismo\/wp-json\/wp\/v2\/tags?post=3187"}],"curies":[{"name":"wp","href":"https:\/\/api.w.org\/{rel}","templated":true}]}}