{"id":4304,"date":"2025-03-04T11:22:17","date_gmt":"2025-03-04T10:22:17","guid":{"rendered":"https:\/\/manchajucarcentro.com\/turismo\/?p=4304"},"modified":"2025-03-06T11:18:52","modified_gmt":"2025-03-06T10:18:52","slug":"experiencia-bodegas-celaya","status":"publish","type":"post","link":"https:\/\/manchajucarcentro.com\/turismo\/experiencia-bodegas-celaya\/","title":{"rendered":"Experiencia en Bodegas Celaya: El arte de afinar vinos al gusto del mundo"},"content":{"rendered":"\t\t<div data-elementor-type=\"wp-post\" data-elementor-id=\"4304\" class=\"elementor elementor-4304\">\n\t\t\t\t<div class=\"elementor-element elementor-element-6a898598 e-flex e-con-boxed e-con e-parent\" data-id=\"6a898598\" data-element_type=\"container\">\n\t\t\t\t\t<div class=\"e-con-inner\">\n\t\t\t\t<div class=\"elementor-element elementor-element-17b05e94 elementor-widget elementor-widget-text-editor\" data-id=\"17b05e94\" data-element_type=\"widget\" data-widget_type=\"text-editor.default\">\n\t\t\t\t<div class=\"elementor-widget-container\">\n\t\t\t\t\t\t\t<p><img fetchpriority=\"high\" decoding=\"async\" class=\"alignnone wp-image-4333 size-full\" src=\"https:\/\/manchajucarcentro.com\/turismo\/wp-content\/uploads\/2025\/03\/Bodegas-Celaya-1.jpg\" alt=\"\" width=\"1600\" height=\"1000\" srcset=\"https:\/\/manchajucarcentro.com\/turismo\/wp-content\/uploads\/2025\/03\/Bodegas-Celaya-1.jpg 1600w, https:\/\/manchajucarcentro.com\/turismo\/wp-content\/uploads\/2025\/03\/Bodegas-Celaya-1-300x188.jpg 300w, https:\/\/manchajucarcentro.com\/turismo\/wp-content\/uploads\/2025\/03\/Bodegas-Celaya-1-1024x640.jpg 1024w, https:\/\/manchajucarcentro.com\/turismo\/wp-content\/uploads\/2025\/03\/Bodegas-Celaya-1-768x480.jpg 768w, https:\/\/manchajucarcentro.com\/turismo\/wp-content\/uploads\/2025\/03\/Bodegas-Celaya-1-1536x960.jpg 1536w, https:\/\/manchajucarcentro.com\/turismo\/wp-content\/uploads\/2025\/03\/Bodegas-Celaya-1-590x369.jpg 590w, https:\/\/manchajucarcentro.com\/turismo\/wp-content\/uploads\/2025\/03\/Bodegas-Celaya-1-1072x670.jpg 1072w, https:\/\/manchajucarcentro.com\/turismo\/wp-content\/uploads\/2025\/03\/Bodegas-Celaya-1-577x361.jpg 577w, https:\/\/manchajucarcentro.com\/turismo\/wp-content\/uploads\/2025\/03\/Bodegas-Celaya-1-1200x750.jpg 1200w\" sizes=\"(max-width: 1600px) 100vw, 1600px\" \/><\/p><p>Bodegas Celaya ha desarrollado un enfoque \u00fanico y sofisticado en el mundo del vino. M\u00e1s que producir, perfecciona y adapta el vino para satisfacer los paladares m\u00e1s exigentes de todo el mundo.<\/p><p>Situada en La Roda, a un paso de Albacete, en un enclave de f\u00e1cil acceso desde la Autov\u00eda A-31, esta bodega familiar cuenta con casi un siglo de historia y una filosof\u00eda basada en la personalizaci\u00f3n y la excelencia.<\/p><p>Durante la visita, recorrer\u00e1s sus modernas y sorprendentes instalaciones, donde tradici\u00f3n e innovaci\u00f3n se combinan para llevar el vino a otro nivel. Entender\u00e1s c\u00f3mo se afina y adapta el vino a los gustos de diferentes mercados internacionales, desde los europeos hasta los asi\u00e1ticos, personalizando incluso el dise\u00f1o de botellas y etiquetas.<\/p><p>La experiencia culmina con una degustaci\u00f3n guiada en la que descubrir\u00e1s las diferencias entre vinos adaptados a los diversos mercados a los que atiende Bodegas Celaya, todo ello acompa\u00f1ado de una cuidada selecci\u00f3n de productos locales que maridan bien con los vinos. Tambi\u00e9n podr\u00e1s visitar la tienda de la bodega, donde encontrar\u00e1s sus exclusivos vinos y productos para llevarte un pedacito de esta experiencia a casa.<\/p><p>\u00a1Una oportunidad perfecta para vivir una experiencia enotur\u00edstica diferente, donde cada detalle cuenta y cada vino es un reflejo de los valores de esta innovadora familia vin\u00edcola!<\/p><ul><li>Direcci\u00f3n: <a href=\"https:\/\/maps.app.goo.gl\/F9gJNoUnYuaht3sT6\" target=\"_blank\" rel=\"noopener\">Pol\u00edgono Industrial de La Roda, Albacete<\/a><\/li><li>Organiza \/ Contacto: Bodegas Celaya \u2013 Luis Celaya<\/li><li>Tel\u00e9fono: <a href=\"tel:+34630917257\">630 917 257<\/a><\/li><li>Email: <a href=\"mailto:luis@bodegascelaya.com\">luis@bodegascelaya.com<\/a><\/li><li>Web y tienda online: <a href=\"http:\/\/www.bodegascelaya.com\" target=\"_blank\" rel=\"noopener\">www.bodegascelaya.com<\/a><\/li><li>Redes sociales: <a href=\"https:\/\/www.facebook.com\/people\/Bodegas-Celaya\/100057779644817\/\" target=\"_blank\" rel=\"noopener\">Facebook<\/a>\u00a0 <a href=\"https:\/\/www.instagram.com\/bodegascelaya\/\" target=\"_blank\" rel=\"noopener\">Instagram<\/a><\/li><\/ul>\t\t\t\t\t\t<\/div>\n\t\t\t\t<\/div>\n\t\t\t\t\t<\/div>\n\t\t\t\t<\/div>\n\t\t<div class=\"elementor-element elementor-element-cd7c136 e-flex e-con-boxed e-con e-parent\" data-id=\"cd7c136\" data-element_type=\"container\">\n\t\t\t\t\t<div class=\"e-con-inner\">\n\t\t\t\t<div class=\"elementor-element elementor-element-20394c7 elementor-widget elementor-widget-slider_revolution\" data-id=\"20394c7\" data-element_type=\"widget\" data-widget_type=\"slider_revolution.default\">\n\t\t\t\t<div class=\"elementor-widget-container\">\n\t\t\t\n\t\t<div class=\"wp-block-themepunch-revslider\">\n\t\t\t<!-- START Bodegas Celaya REVOLUTION SLIDER 6.5.10 --><p class=\"rs-p-wp-fix\"><\/p>\n\t\t\t<rs-module-wrap id=\"rev_slider_20_1_wrapper\" data-source=\"gallery\" style=\"visibility:hidden;background:transparent;padding:0;margin:0px auto;margin-top:0;margin-bottom:0;\">\n\t\t\t\t<rs-module id=\"rev_slider_20_1\" style=\"\" data-version=\"6.5.10\">\n\t\t\t\t\t<rs-slides>\n\t\t\t\t\t\t<rs-slide style=\"position: absolute;\" data-key=\"rs-212\" data-title=\"Slide\" data-thumb=\"\/\/manchajucarcentro.com\/turismo\/wp-content\/uploads\/2025\/03\/Bodegas-Celaya-1-50x100.jpg\" data-in=\"o:0;\" data-out=\"a:false;\">\n\t\t\t\t\t\t\t<img decoding=\"async\" src=\"\/\/manchajucarcentro.com\/turismo\/wp-content\/plugins\/revslider\/public\/assets\/assets\/dummy.png\" title=\"Bodegas Celaya 1\" width=\"1600\" height=\"1000\" class=\"rev-slidebg tp-rs-img rs-lazyload\" data-lazyload=\"\/\/manchajucarcentro.com\/turismo\/wp-content\/uploads\/2025\/03\/Bodegas-Celaya-1.jpg\" data-no-retina>\n<!---->\t\t\t\t\t\t<\/rs-slide>\n\t\t\t\t\t\t<rs-slide style=\"position: absolute;\" data-key=\"rs-213\" data-title=\"Slide\" data-thumb=\"\/\/manchajucarcentro.com\/turismo\/wp-content\/uploads\/2025\/03\/Bodegas-Celaya-3-50x100.jpg\" data-in=\"o:0;\" data-out=\"a:false;\">\n\t\t\t\t\t\t\t<img decoding=\"async\" src=\"\/\/manchajucarcentro.com\/turismo\/wp-content\/plugins\/revslider\/public\/assets\/assets\/dummy.png\" title=\"Bodegas Celaya 3\" width=\"1600\" height=\"1000\" class=\"rev-slidebg tp-rs-img rs-lazyload\" data-lazyload=\"\/\/manchajucarcentro.com\/turismo\/wp-content\/uploads\/2025\/03\/Bodegas-Celaya-3.jpg\" data-no-retina>\n<!---->\t\t\t\t\t\t<\/rs-slide>\n\t\t\t\t\t\t<rs-slide style=\"position: absolute;\" data-key=\"rs-214\" data-title=\"Slide\" data-thumb=\"\/\/manchajucarcentro.com\/turismo\/wp-content\/uploads\/2025\/03\/Bodegas-Celaya-4-50x100.jpg\" data-in=\"o:0;\" data-out=\"a:false;\">\n\t\t\t\t\t\t\t<img loading=\"lazy\" decoding=\"async\" src=\"\/\/manchajucarcentro.com\/turismo\/wp-content\/plugins\/revslider\/public\/assets\/assets\/dummy.png\" title=\"Bodegas Celaya 4\" width=\"1600\" height=\"1000\" class=\"rev-slidebg tp-rs-img rs-lazyload\" data-lazyload=\"\/\/manchajucarcentro.com\/turismo\/wp-content\/uploads\/2025\/03\/Bodegas-Celaya-4.jpg\" data-no-retina>\n<!---->\t\t\t\t\t\t<\/rs-slide>\n\t\t\t\t\t\t<rs-slide style=\"position: absolute;\" data-key=\"rs-215\" data-title=\"Slide\" data-thumb=\"\/\/manchajucarcentro.com\/turismo\/wp-content\/uploads\/2025\/03\/Bodegas-Celaya-5-Interior-50x100.jpg\" data-in=\"o:0;\" data-out=\"a:false;\">\n\t\t\t\t\t\t\t<img loading=\"lazy\" decoding=\"async\" src=\"\/\/manchajucarcentro.com\/turismo\/wp-content\/plugins\/revslider\/public\/assets\/assets\/dummy.png\" title=\"Bodegas Celaya 5 &#8211; Interior\" width=\"1600\" height=\"1000\" class=\"rev-slidebg tp-rs-img rs-lazyload\" data-lazyload=\"\/\/manchajucarcentro.com\/turismo\/wp-content\/uploads\/2025\/03\/Bodegas-Celaya-5-Interior.jpg\" data-no-retina>\n<!---->\t\t\t\t\t\t<\/rs-slide>\n\t\t\t\t\t\t<rs-slide style=\"position: absolute;\" data-key=\"rs-216\" data-title=\"Slide\" data-thumb=\"\/\/manchajucarcentro.com\/turismo\/wp-content\/uploads\/2025\/03\/Bodegas-Celaya-6-Fachada-50x100.jpg\" data-in=\"o:0;\" data-out=\"a:false;\">\n\t\t\t\t\t\t\t<img loading=\"lazy\" decoding=\"async\" src=\"\/\/manchajucarcentro.com\/turismo\/wp-content\/plugins\/revslider\/public\/assets\/assets\/dummy.png\" title=\"Bodegas Celaya 6 &#8211; Fachada\" width=\"1600\" height=\"1000\" class=\"rev-slidebg tp-rs-img rs-lazyload\" data-lazyload=\"\/\/manchajucarcentro.com\/turismo\/wp-content\/uploads\/2025\/03\/Bodegas-Celaya-6-Fachada.jpg\" data-no-retina>\n<!---->\t\t\t\t\t\t<\/rs-slide>\n\t\t\t\t\t\t<rs-slide style=\"position: absolute;\" data-key=\"rs-217\" data-title=\"Slide\" data-thumb=\"\/\/manchajucarcentro.com\/turismo\/wp-content\/uploads\/2025\/03\/Bodegas-Celaya-2-50x100.jpg\" data-in=\"o:0;\" data-out=\"a:false;\">\n\t\t\t\t\t\t\t<img loading=\"lazy\" decoding=\"async\" src=\"\/\/manchajucarcentro.com\/turismo\/wp-content\/plugins\/revslider\/public\/assets\/assets\/dummy.png\" title=\"Bodegas Celaya 2\" width=\"1600\" height=\"1000\" class=\"rev-slidebg tp-rs-img rs-lazyload\" data-lazyload=\"\/\/manchajucarcentro.com\/turismo\/wp-content\/uploads\/2025\/03\/Bodegas-Celaya-2.jpg\" data-no-retina>\n<!---->\t\t\t\t\t\t<\/rs-slide>\n\t\t\t\t\t<\/rs-slides>\n\t\t\t\t<\/rs-module>\n\t\t\t\t<script type=\"text\/javascript\">\n\t\t\t\t\tsetREVStartSize({c: 'rev_slider_20_1',rl:[1240,1024,778,480],el:[550],gw:[992],gh:[550],type:'carousel',justify:'',layout:'fullwidth',mh:\"0\"});if (window.RS_MODULES!==undefined && window.RS_MODULES.modules!==undefined && window.RS_MODULES.modules[\"revslider201\"]!==undefined) {window.RS_MODULES.modules[\"revslider201\"].once = false;window.revapi20 = undefined;if (window.RS_MODULES.checkMinimal!==undefined) window.RS_MODULES.checkMinimal()}\n\t\t\t\t<\/script>\n\t\t\t<\/rs-module-wrap>\n\t\t\t<!-- END REVOLUTION SLIDER -->\n<\/div>\n\n\t\t\t\t<\/div>\n\t\t\t\t<\/div>\n\t\t\t\t\t<\/div>\n\t\t\t\t<\/div>\n\t\t\t\t<\/div>\n\t\t","protected":false},"excerpt":{"rendered":"<p>Bodegas Celaya ha desarrollado un enfoque \u00fanico y sofisticado en el mundo del vino. M\u00e1s que producir, perfecciona y adapta el vino para satisfacer los paladares m\u00e1s exigentes de todo el mundo. Situada en La Roda, a un paso de Albacete, en un enclave de f\u00e1cil acceso desde la Autov\u00eda A-31, esta bodega familiar cuenta [&hellip;]<\/p>\n","protected":false},"author":1,"featured_media":4333,"comment_status":"closed","ping_status":"open","sticky":false,"template":"","format":"standard","meta":{"footnotes":""},"categories":[118],"tags":[106],"class_list":["post-4304","post","type-post","status-publish","format-standard","has-post-thumbnail","hentry","category-experiencias","tag-la-roda"],"_links":{"self":[{"href":"https:\/\/manchajucarcentro.com\/turismo\/wp-json\/wp\/v2\/posts\/4304","targetHints":{"allow":["GET"]}}],"collection":[{"href":"https:\/\/manchajucarcentro.com\/turismo\/wp-json\/wp\/v2\/posts"}],"about":[{"href":"https:\/\/manchajucarcentro.com\/turismo\/wp-json\/wp\/v2\/types\/post"}],"author":[{"embeddable":true,"href":"https:\/\/manchajucarcentro.com\/turismo\/wp-json\/wp\/v2\/users\/1"}],"replies":[{"embeddable":true,"href":"https:\/\/manchajucarcentro.com\/turismo\/wp-json\/wp\/v2\/comments?post=4304"}],"version-history":[{"count":43,"href":"https:\/\/manchajucarcentro.com\/turismo\/wp-json\/wp\/v2\/posts\/4304\/revisions"}],"predecessor-version":[{"id":4568,"href":"https:\/\/manchajucarcentro.com\/turismo\/wp-json\/wp\/v2\/posts\/4304\/revisions\/4568"}],"wp:featuredmedia":[{"embeddable":true,"href":"https:\/\/manchajucarcentro.com\/turismo\/wp-json\/wp\/v2\/media\/4333"}],"wp:attachment":[{"href":"https:\/\/manchajucarcentro.com\/turismo\/wp-json\/wp\/v2\/media?parent=4304"}],"wp:term":[{"taxonomy":"category","embeddable":true,"href":"https:\/\/manchajucarcentro.com\/turismo\/wp-json\/wp\/v2\/categories?post=4304"},{"taxonomy":"post_tag","embeddable":true,"href":"https:\/\/manchajucarcentro.com\/turismo\/wp-json\/wp\/v2\/tags?post=4304"}],"curies":[{"name":"wp","href":"https:\/\/api.w.org\/{rel}","templated":true}]}}